{"id":13818,"date":"2021-02-10T14:38:11","date_gmt":"2021-02-10T21:38:11","guid":{"rendered":"https:\/\/www.goldcrownfoundation.com\/?p=13818"},"modified":"2021-06-03T09:34:46","modified_gmt":"2021-06-03T15:34:46","slug":"celebrate-black-history-month-with-a-new-popgrip","status":"publish","type":"post","link":"https:\/\/www.goldcrownfoundation.com\/es\/celebrate-black-history-month-with-a-new-popgrip\/","title":{"rendered":"\u00a1Celebra el Mes de la Historia Negra con un nuevo PopGrip!"},"content":{"rendered":"<div id=\"pl-13818\"  class=\"panel-layout\" ><div id=\"pg-13818-0\"  class=\"panel-grid panel-no-style\" ><div id=\"pgc-13818-0-0\"  class=\"panel-grid-cell\" ><div id=\"panel-13818-0-0-0\" class=\"so-panel widget widget_sow-editor panel-first-child\" data-index=\"0\" ><div\n\t\t\t\n\t\t\tclass=\"so-widget-sow-editor so-widget-sow-editor-base\"\n\t\t\t\n\t\t>\n<div class=\"siteorigin-widget-tinymce textwidget\">\n\t<p>Para celebrar el Mes de la Historia Negra, destacamos a Jalen Collier, miembro del Clubhouse, que se asoci\u00f3 con un dise\u00f1ador de PopSockets para crear un PopGrip.<\/p>\n<p>Se inspir\u00f3 en el cabello de las mujeres negras y quiso transmitir el poder que tiene el pelo. Eligi\u00f3 un afro porque es un peinado natural y quer\u00edan que resonara en el comprador.<\/p>\n<p>El PopGrip de Jalen, \"Crown\", se vender\u00e1 en tiendas de todo el pa\u00eds (y en l\u00ednea) en <a href=\"https:\/\/www.bestbuy.com\/site\/promo\/popsockets-poptivism\" target=\"_blank\" rel=\"noopener\">Mejor compra<\/a> y en <a href=\"https:\/\/www.popsockets.com\/poptivism?lang=en_US\" target=\"_blank\" rel=\"noopener\">PopSockets<\/a>. Esperamos seguir celebrando a los creadores negros en el mercado y ayudar a apoyar voces que necesitan ser escuchadas.<\/p>\n<p>\u00a1Estamos muy orgullosos de Jalen! A continuaci\u00f3n encontrar\u00e1s m\u00e1s informaci\u00f3n sobre los PopGrips dise\u00f1ados por adolescentes y podr\u00e1s conocer a todos los dise\u00f1adores.<\/p>\n<blockquote>\n<p>Por primera vez, los adolescentes de los programas comunitarios de Best Buy ver\u00e1n productos dise\u00f1ados por ellos en las estanter\u00edas de las tiendas gracias a una asociaci\u00f3n entre Best Buy y PopSockets.<\/p>\n<p>&nbsp;<\/p>\n<p>Cuatro prometedores artistas de la red Teen Tech Center de Best Buy fueron emparejados con dise\u00f1adores de PopSockets que actuaron como mentores durante todo el proceso. Los estudiantes crearon sus propios PopGrips, peque\u00f1os accesorios redondos que se conectan a la parte trasera de tel\u00e9fonos y tabletas para ayudar a los usuarios a sujetar y apoyar sus dispositivos.<\/p>\n<p>&nbsp;<\/p>\n<div class=\"wp-block-image\">\n<figure class=\"alignright size-medium\"><img loading=\"lazy\" decoding=\"async\" class=\"wp-image-19689\" src=\"https:\/\/corporate.bestbuy.com\/wp-content\/uploads\/2021\/01\/Pop_Sockets_Stills_4-322x181.jpg\" sizes=\"auto, (max-width: 322px) 100vw, 322px\" srcset=\"https:\/\/corporate.bestbuy.com\/wp-content\/uploads\/2021\/01\/Pop_Sockets_Stills_4-322x181.jpg 322w, https:\/\/corporate.bestbuy.com\/wp-content\/uploads\/2021\/01\/Pop_Sockets_Stills_4-654x368.jpg 654w, https:\/\/corporate.bestbuy.com\/wp-content\/uploads\/2021\/01\/Pop_Sockets_Stills_4-151x85.jpg 151w, https:\/\/corporate.bestbuy.com\/wp-content\/uploads\/2021\/01\/Pop_Sockets_Stills_4-768x432.jpg 768w, https:\/\/corporate.bestbuy.com\/wp-content\/uploads\/2021\/01\/Pop_Sockets_Stills_4.jpg 882w\" alt=\"\" width=\"322\" height=\"181\" \/><\/figure>\n<\/div>\n<p>En\u00a0<a href=\"https:\/\/www.bestbuy.com\/site\/promo\/popsockets-poptivism\" target=\"_blank\" rel=\"noreferrer noopener\">PopGrips dise\u00f1ados por adolescentes<\/a>\u00a0se vender\u00e1 como parte de la campa\u00f1a del Mes de la Historia Negra de Best Buy. Los adolescentes recibieron el encargo y la remuneraci\u00f3n a trav\u00e9s de los procedimientos est\u00e1ndar de PopSockets para dise\u00f1adores aut\u00f3nomos, lo que les dio la oportunidad de seguir el proceso desde la ideaci\u00f3n hasta las manos de los clientes.<\/p>\n<p>&nbsp;<\/p>\n<p>La mitad de las ventas de cada dise\u00f1o se donar\u00e1 a la Fundaci\u00f3n Best Buy y se reinvertir\u00e1 en\u00a0<a href=\"https:\/\/corporate.bestbuy.com\/5-ways-teen-tech-centers-help-bridge-the-gap-in-stem\/\" target=\"_blank\" rel=\"noreferrer noopener\">Centros tecnol\u00f3gicos Best Buy para adolescentes<\/a>. Los Teen Tech Centers son lugares seguros de aprendizaje extraescolar en los que los adolescentes tienen acceso a las \u00faltimas tecnolog\u00edas, cuentan con la orientaci\u00f3n de mentores experimentados y tienen la oportunidad de aplicar sus conocimientos a trav\u00e9s de experiencias pr\u00e1cticas como la colaboraci\u00f3n con PopSockets.<\/p>\n<p>&nbsp;<\/p>\n<p>PopSockets, el equipo de Impacto Social de Best Buy y nuestro Grupo de Recursos para Empleados Negros colaboraron en el programa como parte de una campa\u00f1a m\u00e1s amplia del Mes de la Historia Negra. Su objetivo es celebrar y animar a los j\u00f3venes artistas y, al mismo tiempo, subrayar la necesidad cr\u00edtica de oportunidades y cambios en un sector en el que...\u00a0<a href=\"https:\/\/www.fastcompany.com\/90521281\/where-are-all-the-black-designers-a-bold-new-initiative-demands-answers\">s\u00f3lo 3% de los dise\u00f1adores son negros<\/a>.<\/p>\n<p>&nbsp;<\/p>\n<p>Esto se basa en\u00a0<a href=\"https:\/\/corporate.bestbuy.com\/teen-tech-center-youth-design-popsockets-for-a-cause\/\" target=\"_blank\" rel=\"noreferrer noopener\">una larga historia de colaboraci\u00f3n<\/a>\u00a0entre PopSockets y los Teen Tech Centers de Best Buy. Mira el v\u00eddeo para conocer a los adolescentes y saber m\u00e1s sobre este momento hist\u00f3rico.<\/p>\n<\/blockquote>\n<\/div>\n<\/div><\/div><div id=\"panel-13818-0-0-1\" class=\"so-panel widget widget_media_video panel-last-child\" data-index=\"1\" ><div style=\"width:100%;\" class=\"wp-video\"><video class=\"wp-video-shortcode\" id=\"video-13818-1\" preload=\"metadata\" controls=\"controls\"><source type=\"video\/youtube\" src=\"https:\/\/www.youtube.com\/watch?v=VDWxmD2OjDY&#038;_=1\" \/><a href=\"https:\/\/www.youtube.com\/watch?v=VDWxmD2OjDY\">https:\/\/www.youtube.com\/watch?v=VDWxmD2OjDY<\/a><\/video><\/div><\/div><\/div><\/div><\/div>","protected":false},"excerpt":{"rendered":"<p>As we Celebrate Black History Month, we are highlighting Clubhouse Member Jalen Collier, who partnered with a designer from PopSockets to create a PopGrip! He was inspired by black women&#8217;s [&hellip;]<\/p>\n","protected":false},"author":2,"featured_media":13826,"comment_status":"closed","ping_status":"closed","sticky":false,"template":"","format":"standard","meta":{"inline_featured_image":false,"_monsterinsights_skip_tracking":false,"_monsterinsights_sitenote_active":false,"_monsterinsights_sitenote_note":"","_monsterinsights_sitenote_category":0,"footnotes":""},"categories":[36,27],"tags":[],"class_list":["post-13818","post","type-post","status-publish","format-standard","has-post-thumbnail","hentry","category-enrichment","category-press"],"yoast_head":"<!-- This site is optimized with the Yoast SEO plugin v27.4 - https:\/\/yoast.com\/product\/yoast-seo-wordpress\/ -->\n<title>Celebrate Black History Month with a new PopGrip! - Gold Crown Foundation<\/title>\n<meta name=\"robots\" content=\"index, follow, max-snippet:-1, max-image-preview:large, max-video-preview:-1\" \/>\n<link rel=\"canonical\" href=\"https:\/\/www.goldcrownfoundation.com\/es\/celebrate-black-history-month-with-a-new-popgrip\/\" \/>\n<meta property=\"og:locale\" content=\"es_MX\" \/>\n<meta property=\"og:type\" content=\"article\" \/>\n<meta property=\"og:title\" content=\"Celebrate Black History Month with a new PopGrip! - Gold Crown Foundation\" \/>\n<meta property=\"og:description\" content=\"As we Celebrate Black History Month, we are highlighting Clubhouse Member Jalen Collier, who partnered with a designer from PopSockets to create a PopGrip! He was inspired by black women&#039;s [&hellip;]\" \/>\n<meta property=\"og:url\" content=\"https:\/\/www.goldcrownfoundation.com\/es\/celebrate-black-history-month-with-a-new-popgrip\/\" \/>\n<meta property=\"og:site_name\" content=\"Gold Crown Foundation\" \/>\n<meta property=\"article:published_time\" content=\"2021-02-10T21:38:11+00:00\" \/>\n<meta property=\"article:modified_time\" content=\"2021-06-03T15:34:46+00:00\" \/>\n<meta property=\"og:image\" content=\"https:\/\/www.goldcrownfoundation.com\/wp-content\/uploads\/2021\/02\/Screen-Shot-2020-12-11-at-2.47.02-PM-e1612992209192.png\" \/>\n\t<meta property=\"og:image:width\" content=\"1024\" \/>\n\t<meta property=\"og:image:height\" content=\"577\" \/>\n\t<meta property=\"og:image:type\" content=\"image\/png\" \/>\n<meta name=\"author\" content=\"Meghan Overton\" \/>\n<meta name=\"twitter:card\" content=\"summary_large_image\" \/>\n<meta name=\"twitter:image\" content=\"https:\/\/www.goldcrownfoundation.com\/wp-content\/uploads\/2021\/02\/Screen-Shot-2020-12-11-at-2.47.02-PM-e1612992209192.png\" \/>\n<meta name=\"twitter:label1\" content=\"Escrito por\" \/>\n\t<meta name=\"twitter:data1\" content=\"Meghan Overton\" \/>\n\t<meta name=\"twitter:label2\" content=\"Tiempo de lectura\" \/>\n\t<meta name=\"twitter:data2\" content=\"2 minutos\" \/>\n<script type=\"application\/ld+json\" class=\"yoast-schema-graph\">{\"@context\":\"https:\\\/\\\/schema.org\",\"@graph\":[{\"@type\":\"Article\",\"@id\":\"https:\\\/\\\/www.goldcrownfoundation.com\\\/celebrate-black-history-month-with-a-new-popgrip\\\/#article\",\"isPartOf\":{\"@id\":\"https:\\\/\\\/www.goldcrownfoundation.com\\\/celebrate-black-history-month-with-a-new-popgrip\\\/\"},\"author\":{\"name\":\"Meghan Overton\",\"@id\":\"https:\\\/\\\/www.goldcrownfoundation.com\\\/#\\\/schema\\\/person\\\/cdb7d003c72779595bc3d1fbb59de24e\"},\"headline\":\"Celebrate Black History Month with a new PopGrip!\",\"datePublished\":\"2021-02-10T21:38:11+00:00\",\"dateModified\":\"2021-06-03T15:34:46+00:00\",\"mainEntityOfPage\":{\"@id\":\"https:\\\/\\\/www.goldcrownfoundation.com\\\/celebrate-black-history-month-with-a-new-popgrip\\\/\"},\"wordCount\":406,\"publisher\":{\"@id\":\"https:\\\/\\\/www.goldcrownfoundation.com\\\/#organization\"},\"image\":{\"@id\":\"https:\\\/\\\/www.goldcrownfoundation.com\\\/celebrate-black-history-month-with-a-new-popgrip\\\/#primaryimage\"},\"thumbnailUrl\":\"https:\\\/\\\/www.goldcrownfoundation.com\\\/wp-content\\\/uploads\\\/2021\\\/02\\\/Screen-Shot-2020-12-11-at-2.47.02-PM-e1612992209192.png\",\"articleSection\":[\"Enrichment\",\"Press\"],\"inLanguage\":\"es\"},{\"@type\":\"WebPage\",\"@id\":\"https:\\\/\\\/www.goldcrownfoundation.com\\\/celebrate-black-history-month-with-a-new-popgrip\\\/\",\"url\":\"https:\\\/\\\/www.goldcrownfoundation.com\\\/celebrate-black-history-month-with-a-new-popgrip\\\/\",\"name\":\"Celebrate Black History Month with a new PopGrip! - Gold Crown Foundation\",\"isPartOf\":{\"@id\":\"https:\\\/\\\/www.goldcrownfoundation.com\\\/#website\"},\"primaryImageOfPage\":{\"@id\":\"https:\\\/\\\/www.goldcrownfoundation.com\\\/celebrate-black-history-month-with-a-new-popgrip\\\/#primaryimage\"},\"image\":{\"@id\":\"https:\\\/\\\/www.goldcrownfoundation.com\\\/celebrate-black-history-month-with-a-new-popgrip\\\/#primaryimage\"},\"thumbnailUrl\":\"https:\\\/\\\/www.goldcrownfoundation.com\\\/wp-content\\\/uploads\\\/2021\\\/02\\\/Screen-Shot-2020-12-11-at-2.47.02-PM-e1612992209192.png\",\"datePublished\":\"2021-02-10T21:38:11+00:00\",\"dateModified\":\"2021-06-03T15:34:46+00:00\",\"breadcrumb\":{\"@id\":\"https:\\\/\\\/www.goldcrownfoundation.com\\\/celebrate-black-history-month-with-a-new-popgrip\\\/#breadcrumb\"},\"inLanguage\":\"es\",\"potentialAction\":[{\"@type\":\"ReadAction\",\"target\":[\"https:\\\/\\\/www.goldcrownfoundation.com\\\/celebrate-black-history-month-with-a-new-popgrip\\\/\"]}]},{\"@type\":\"ImageObject\",\"inLanguage\":\"es\",\"@id\":\"https:\\\/\\\/www.goldcrownfoundation.com\\\/celebrate-black-history-month-with-a-new-popgrip\\\/#primaryimage\",\"url\":\"https:\\\/\\\/www.goldcrownfoundation.com\\\/wp-content\\\/uploads\\\/2021\\\/02\\\/Screen-Shot-2020-12-11-at-2.47.02-PM-e1612992209192.png\",\"contentUrl\":\"https:\\\/\\\/www.goldcrownfoundation.com\\\/wp-content\\\/uploads\\\/2021\\\/02\\\/Screen-Shot-2020-12-11-at-2.47.02-PM-e1612992209192.png\",\"width\":1024,\"height\":577},{\"@type\":\"BreadcrumbList\",\"@id\":\"https:\\\/\\\/www.goldcrownfoundation.com\\\/celebrate-black-history-month-with-a-new-popgrip\\\/#breadcrumb\",\"itemListElement\":[{\"@type\":\"ListItem\",\"position\":1,\"name\":\"Home\",\"item\":\"https:\\\/\\\/www.goldcrownfoundation.com\\\/\"},{\"@type\":\"ListItem\",\"position\":2,\"name\":\"Celebrate Black History Month with a new PopGrip!\"}]},{\"@type\":\"WebSite\",\"@id\":\"https:\\\/\\\/www.goldcrownfoundation.com\\\/#website\",\"url\":\"https:\\\/\\\/www.goldcrownfoundation.com\\\/\",\"name\":\"Gold Crown Foundation\",\"description\":\"\",\"publisher\":{\"@id\":\"https:\\\/\\\/www.goldcrownfoundation.com\\\/#organization\"},\"potentialAction\":[{\"@type\":\"SearchAction\",\"target\":{\"@type\":\"EntryPoint\",\"urlTemplate\":\"https:\\\/\\\/www.goldcrownfoundation.com\\\/?s={search_term_string}\"},\"query-input\":{\"@type\":\"PropertyValueSpecification\",\"valueRequired\":true,\"valueName\":\"search_term_string\"}}],\"inLanguage\":\"es\"},{\"@type\":\"Organization\",\"@id\":\"https:\\\/\\\/www.goldcrownfoundation.com\\\/#organization\",\"name\":\"Gold Crown Foundation\",\"url\":\"https:\\\/\\\/www.goldcrownfoundation.com\\\/\",\"logo\":{\"@type\":\"ImageObject\",\"inLanguage\":\"es\",\"@id\":\"https:\\\/\\\/www.goldcrownfoundation.com\\\/#\\\/schema\\\/logo\\\/image\\\/\",\"url\":\"https:\\\/\\\/www.goldcrownfoundation.com\\\/wp-content\\\/uploads\\\/2018\\\/11\\\/gcf-logo.svg\",\"contentUrl\":\"https:\\\/\\\/www.goldcrownfoundation.com\\\/wp-content\\\/uploads\\\/2018\\\/11\\\/gcf-logo.svg\",\"caption\":\"Gold Crown Foundation\"},\"image\":{\"@id\":\"https:\\\/\\\/www.goldcrownfoundation.com\\\/#\\\/schema\\\/logo\\\/image\\\/\"}},{\"@type\":\"Person\",\"@id\":\"https:\\\/\\\/www.goldcrownfoundation.com\\\/#\\\/schema\\\/person\\\/cdb7d003c72779595bc3d1fbb59de24e\",\"name\":\"Meghan Overton\",\"image\":{\"@type\":\"ImageObject\",\"inLanguage\":\"es\",\"@id\":\"https:\\\/\\\/secure.gravatar.com\\\/avatar\\\/2d82775abe89e7e9cb218bc04cc4b951f2a1f4f3036612a035eadacc6a949d55?s=96&d=mm&r=g\",\"url\":\"https:\\\/\\\/secure.gravatar.com\\\/avatar\\\/2d82775abe89e7e9cb218bc04cc4b951f2a1f4f3036612a035eadacc6a949d55?s=96&d=mm&r=g\",\"contentUrl\":\"https:\\\/\\\/secure.gravatar.com\\\/avatar\\\/2d82775abe89e7e9cb218bc04cc4b951f2a1f4f3036612a035eadacc6a949d55?s=96&d=mm&r=g\",\"caption\":\"Meghan Overton\"},\"url\":\"https:\\\/\\\/www.goldcrownfoundation.com\\\/es\\\/author\\\/moverton\\\/\"}]}<\/script>\n<!-- \/ Yoast SEO plugin. -->","yoast_head_json":{"title":"Celebrate Black History Month with a new PopGrip! - Gold Crown Foundation","robots":{"index":"index","follow":"follow","max-snippet":"max-snippet:-1","max-image-preview":"max-image-preview:large","max-video-preview":"max-video-preview:-1"},"canonical":"https:\/\/www.goldcrownfoundation.com\/es\/celebrate-black-history-month-with-a-new-popgrip\/","og_locale":"es_MX","og_type":"article","og_title":"Celebrate Black History Month with a new PopGrip! - Gold Crown Foundation","og_description":"As we Celebrate Black History Month, we are highlighting Clubhouse Member Jalen Collier, who partnered with a designer from PopSockets to create a PopGrip! He was inspired by black women's [&hellip;]","og_url":"https:\/\/www.goldcrownfoundation.com\/es\/celebrate-black-history-month-with-a-new-popgrip\/","og_site_name":"Gold Crown Foundation","article_published_time":"2021-02-10T21:38:11+00:00","article_modified_time":"2021-06-03T15:34:46+00:00","og_image":[{"width":1024,"height":577,"url":"https:\/\/www.goldcrownfoundation.com\/wp-content\/uploads\/2021\/02\/Screen-Shot-2020-12-11-at-2.47.02-PM-e1612992209192.png","type":"image\/png"}],"author":"Meghan Overton","twitter_card":"summary_large_image","twitter_image":"https:\/\/www.goldcrownfoundation.com\/wp-content\/uploads\/2021\/02\/Screen-Shot-2020-12-11-at-2.47.02-PM-e1612992209192.png","twitter_misc":{"Escrito por":"Meghan Overton","Tiempo de lectura":"2 minutos"},"schema":{"@context":"https:\/\/schema.org","@graph":[{"@type":"Article","@id":"https:\/\/www.goldcrownfoundation.com\/celebrate-black-history-month-with-a-new-popgrip\/#article","isPartOf":{"@id":"https:\/\/www.goldcrownfoundation.com\/celebrate-black-history-month-with-a-new-popgrip\/"},"author":{"name":"Meghan Overton","@id":"https:\/\/www.goldcrownfoundation.com\/#\/schema\/person\/cdb7d003c72779595bc3d1fbb59de24e"},"headline":"Celebrate Black History Month with a new PopGrip!","datePublished":"2021-02-10T21:38:11+00:00","dateModified":"2021-06-03T15:34:46+00:00","mainEntityOfPage":{"@id":"https:\/\/www.goldcrownfoundation.com\/celebrate-black-history-month-with-a-new-popgrip\/"},"wordCount":406,"publisher":{"@id":"https:\/\/www.goldcrownfoundation.com\/#organization"},"image":{"@id":"https:\/\/www.goldcrownfoundation.com\/celebrate-black-history-month-with-a-new-popgrip\/#primaryimage"},"thumbnailUrl":"https:\/\/www.goldcrownfoundation.com\/wp-content\/uploads\/2021\/02\/Screen-Shot-2020-12-11-at-2.47.02-PM-e1612992209192.png","articleSection":["Enrichment","Press"],"inLanguage":"es"},{"@type":"WebPage","@id":"https:\/\/www.goldcrownfoundation.com\/celebrate-black-history-month-with-a-new-popgrip\/","url":"https:\/\/www.goldcrownfoundation.com\/celebrate-black-history-month-with-a-new-popgrip\/","name":"Celebrate Black History Month with a new PopGrip! - Gold Crown Foundation","isPartOf":{"@id":"https:\/\/www.goldcrownfoundation.com\/#website"},"primaryImageOfPage":{"@id":"https:\/\/www.goldcrownfoundation.com\/celebrate-black-history-month-with-a-new-popgrip\/#primaryimage"},"image":{"@id":"https:\/\/www.goldcrownfoundation.com\/celebrate-black-history-month-with-a-new-popgrip\/#primaryimage"},"thumbnailUrl":"https:\/\/www.goldcrownfoundation.com\/wp-content\/uploads\/2021\/02\/Screen-Shot-2020-12-11-at-2.47.02-PM-e1612992209192.png","datePublished":"2021-02-10T21:38:11+00:00","dateModified":"2021-06-03T15:34:46+00:00","breadcrumb":{"@id":"https:\/\/www.goldcrownfoundation.com\/celebrate-black-history-month-with-a-new-popgrip\/#breadcrumb"},"inLanguage":"es","potentialAction":[{"@type":"ReadAction","target":["https:\/\/www.goldcrownfoundation.com\/celebrate-black-history-month-with-a-new-popgrip\/"]}]},{"@type":"ImageObject","inLanguage":"es","@id":"https:\/\/www.goldcrownfoundation.com\/celebrate-black-history-month-with-a-new-popgrip\/#primaryimage","url":"https:\/\/www.goldcrownfoundation.com\/wp-content\/uploads\/2021\/02\/Screen-Shot-2020-12-11-at-2.47.02-PM-e1612992209192.png","contentUrl":"https:\/\/www.goldcrownfoundation.com\/wp-content\/uploads\/2021\/02\/Screen-Shot-2020-12-11-at-2.47.02-PM-e1612992209192.png","width":1024,"height":577},{"@type":"BreadcrumbList","@id":"https:\/\/www.goldcrownfoundation.com\/celebrate-black-history-month-with-a-new-popgrip\/#breadcrumb","itemListElement":[{"@type":"ListItem","position":1,"name":"Home","item":"https:\/\/www.goldcrownfoundation.com\/"},{"@type":"ListItem","position":2,"name":"Celebrate Black History Month with a new PopGrip!"}]},{"@type":"WebSite","@id":"https:\/\/www.goldcrownfoundation.com\/#website","url":"https:\/\/www.goldcrownfoundation.com\/","name":"Fundaci\u00f3n Corona de Oro","description":"","publisher":{"@id":"https:\/\/www.goldcrownfoundation.com\/#organization"},"potentialAction":[{"@type":"SearchAction","target":{"@type":"EntryPoint","urlTemplate":"https:\/\/www.goldcrownfoundation.com\/?s={search_term_string}"},"query-input":{"@type":"PropertyValueSpecification","valueRequired":true,"valueName":"search_term_string"}}],"inLanguage":"es"},{"@type":"Organization","@id":"https:\/\/www.goldcrownfoundation.com\/#organization","name":"Fundaci\u00f3n Corona de Oro","url":"https:\/\/www.goldcrownfoundation.com\/","logo":{"@type":"ImageObject","inLanguage":"es","@id":"https:\/\/www.goldcrownfoundation.com\/#\/schema\/logo\/image\/","url":"https:\/\/www.goldcrownfoundation.com\/wp-content\/uploads\/2018\/11\/gcf-logo.svg","contentUrl":"https:\/\/www.goldcrownfoundation.com\/wp-content\/uploads\/2018\/11\/gcf-logo.svg","caption":"Gold Crown Foundation"},"image":{"@id":"https:\/\/www.goldcrownfoundation.com\/#\/schema\/logo\/image\/"}},{"@type":"Person","@id":"https:\/\/www.goldcrownfoundation.com\/#\/schema\/person\/cdb7d003c72779595bc3d1fbb59de24e","name":"Meghan Overton","image":{"@type":"ImageObject","inLanguage":"es","@id":"https:\/\/secure.gravatar.com\/avatar\/2d82775abe89e7e9cb218bc04cc4b951f2a1f4f3036612a035eadacc6a949d55?s=96&d=mm&r=g","url":"https:\/\/secure.gravatar.com\/avatar\/2d82775abe89e7e9cb218bc04cc4b951f2a1f4f3036612a035eadacc6a949d55?s=96&d=mm&r=g","contentUrl":"https:\/\/secure.gravatar.com\/avatar\/2d82775abe89e7e9cb218bc04cc4b951f2a1f4f3036612a035eadacc6a949d55?s=96&d=mm&r=g","caption":"Meghan Overton"},"url":"https:\/\/www.goldcrownfoundation.com\/es\/author\/moverton\/"}]}},"_links":{"self":[{"href":"https:\/\/www.goldcrownfoundation.com\/es\/wp-json\/wp\/v2\/posts\/13818","targetHints":{"allow":["GET"]}}],"collection":[{"href":"https:\/\/www.goldcrownfoundation.com\/es\/wp-json\/wp\/v2\/posts"}],"about":[{"href":"https:\/\/www.goldcrownfoundation.com\/es\/wp-json\/wp\/v2\/types\/post"}],"author":[{"embeddable":true,"href":"https:\/\/www.goldcrownfoundation.com\/es\/wp-json\/wp\/v2\/users\/2"}],"replies":[{"embeddable":true,"href":"https:\/\/www.goldcrownfoundation.com\/es\/wp-json\/wp\/v2\/comments?post=13818"}],"version-history":[{"count":0,"href":"https:\/\/www.goldcrownfoundation.com\/es\/wp-json\/wp\/v2\/posts\/13818\/revisions"}],"wp:featuredmedia":[{"embeddable":true,"href":"https:\/\/www.goldcrownfoundation.com\/es\/wp-json\/wp\/v2\/media\/13826"}],"wp:attachment":[{"href":"https:\/\/www.goldcrownfoundation.com\/es\/wp-json\/wp\/v2\/media?parent=13818"}],"wp:term":[{"taxonomy":"category","embeddable":true,"href":"https:\/\/www.goldcrownfoundation.com\/es\/wp-json\/wp\/v2\/categories?post=13818"},{"taxonomy":"post_tag","embeddable":true,"href":"https:\/\/www.goldcrownfoundation.com\/es\/wp-json\/wp\/v2\/tags?post=13818"}],"curies":[{"name":"wp","href":"https:\/\/api.w.org\/{rel}","templated":true}]}}